{"id":621,"date":"2016-03-30T11:25:10","date_gmt":"2016-03-30T11:25:10","guid":{"rendered":"https:\/\/www.polnische-haushaltshilfe.net\/Blog\/?p=621"},"modified":"2016-03-30T11:30:49","modified_gmt":"2016-03-30T11:30:49","slug":"wenn-die-kurzzeitpflege-nicht-in-anspruch-genommen-wird-kann-dies-der-verhinderungspflege-zugute-kommen","status":"publish","type":"post","link":"https:\/\/www.polnische-haushaltshilfe.net\/Blog\/wenn-die-kurzzeitpflege-nicht-in-anspruch-genommen-wird-kann-dies-der-verhinderungspflege-zugute-kommen\/","title":{"rendered":"Wenn die Kurzzeitpflege nicht in Anspruch genommen wird, kann dies der Verhinderungspflege zugute kommen"},"content":{"rendered":"<p>&nbsp;<\/p>\n<p><img decoding=\"async\" loading=\"lazy\" class=\"alignleft wp-image-622 size-medium\" src=\"https:\/\/www.polnische-haushaltshilfe.net\/Blog\/wp-content\/uploads\/2016\/03\/hands-1176674_1280-300x157.jpg\" alt=\"Pflege\" width=\"300\" height=\"157\" srcset=\"https:\/\/www.polnische-haushaltshilfe.net\/Blog\/wp-content\/uploads\/2016\/03\/hands-1176674_1280-300x157.jpg 300w, https:\/\/www.polnische-haushaltshilfe.net\/Blog\/wp-content\/uploads\/2016\/03\/hands-1176674_1280-1024x536.jpg 1024w, https:\/\/www.polnische-haushaltshilfe.net\/Blog\/wp-content\/uploads\/2016\/03\/hands-1176674_1280.jpg 1280w\" sizes=\"(max-width: 300px) 100vw, 300px\" \/>Zuerst sei gesagt, dass der jeweilige Antrag f\u00fcr <strong>Kurzzeitpflege<\/strong> und <strong>Verhinderungspflege <\/strong>vor Antritt bei der Pflegekasse gestellt werden sollte. Es ist aber auch eine kurzfristige Beantragung m\u00f6glich bzw. es kann die Beantragung auch r\u00fcckwirkend erfolgen. Beratend zur Seite stehen Ihnen hier die Sozial\u00e4mter, die Pflegeversicherung aber auch die Pflegedienste.Innerhalb eines Jahres kann eine Verhinderungspflege und eine Kurzzeitpflege in Anspruch genommen werden (insgesamt \u20ac 3.224,&#8211;). Diesen Betrag bekommen Sie von der Pflegekasse.<\/p>\n<p>Die<strong> Verhinderungspflege<\/strong> kann seit Januar 2015 (lt. Pflegest\u00e4rkungsgesetz) f\u00fcr maximal 6 Wochen pro Kalenderjahr in Anspruch genommen werden (= \u20ac 1.612,&#8211;). Diese 6 Wochen k\u00f6nnen auf das Jahr beliebig verteilt werden. Die Verhinderungspflege kann nur dann in Anspruch genommen werden, wenn mindestens 6 Monate zuvor der zu Pflegende von einer Pflegeperson im h\u00e4uslichen Umfeld betreut wurde. Dies nennt man auch \u201eVorauspflege\u201c.<\/p>\n<p>Die <strong>Kurzzeitpflege<\/strong> steht allen Pflegebed\u00fcrftigen zu. Die Pflegekosten, Aufwendungen der sozialen Betreuung sowie die Kosten der medizinischen Behandlungspflege in einer Kurzzeitpflegeinrichtung \u00fcbernimmt bis zu maximal 8 Wochen und maximal \u20ac 1.612,&#8211; pro Kalenderjahr die Pflegeversicherung.<\/p>\n<p>Das Pflegegeld wird w\u00e4hrend des gesamten Zeitraums h\u00e4lftig weitergezahlt.<\/p>\n<p>Seit 01.01.2016 k\u00f6nnen 50 % des Leistungsbetrages der Kurzzeitpflege (\u20ac 806,&#8211;) f\u00fcr die Verhinderungspflege ausgegeben werden. Damit erh\u00f6ht sich der Betrag der <a href=\"https:\/\/www.polnische-haushaltshilfe.net\/Blog\/welche-aufgaben-nimmt-eine-polnische-betreuerin\/\">Verhinderungspflege<\/a> auf \u20ac 2.418,&#8211; pro Jahr. Der Erh\u00f6hungsbetrag wird auf die Leistungen der Kurzzeitpflege angerechnet.<\/p>\n<p><strong>Hier ein Rechenbeispiel:<\/strong><\/p>\n<p>=<strong> Kurzzeitpflege<\/strong> pro Jahr (max. 8 Wochen), hiervon die H\u00e4lfte sind 4 Wochen = \u20ac 806,&#8211; + Pflegegeld z.B. bei Pflegestufe I (\u20ac 244,&#8211;), davon 50 % ergibt \u20ac 122,&#8211;, gesamt <strong>\u20ac 928,&#8211;<\/strong><\/p>\n<p>= <strong>Verhinderungspflege<\/strong> pro Jahr (max. 6 Wochen = \u20ac 1.612,&#8211; + 50 % aus nicht in Anspruch genommener Kurzzeitpflege ergibt \u20ac 806,&#8211;, gesamt <strong>\u20ac 2.418,&#8211;<\/strong><\/p>\n<p>+ Erstattung vom Finanzamt f\u00fcr haushaltsnahe Dienstleistungen p.a. = <strong>\u20ac 4.000,&#8211;<\/strong><\/p>\n<p>Gesamtleistungen pro Jahr =\u00a0\u00a0 \u20ac 7.346,&#8211;, auf den Monat umgerechnet ergibt dies\u00a0 einen\u00a0 Betrag\u00a0 von <strong>\u20ac 612,16.<\/strong><\/p>\n<p>Somit ergibt sich dann bei optimaler Aussch\u00f6pfung \u00a0der Pflegeleistungen ein monatlicher Betrag \u00a0von \u20ac 612,16.<\/p>\n<p>Dieser Betrag gilt es von den monatlichen Betreuungskosten f\u00fcr eine <a href=\"https:\/\/www.polnische-haushaltshilfe.net\/Blog\/warum-gibt-es-bei-vielen-agenturen-fuer-24-stunden-pflege-grosse-preisunterschiede\/\">24 Stunden Pflege<\/a>\u00a0von z.B. <strong>\u20ac 2.095,&#8211;<\/strong> (bei Pflegestufe I, und befriedigenden Sprachkenntnissen) in Abzug zu bringen.<\/p>\n<p>Beim vorangegangenen Rechenbeispiel w\u00fcrde sich somit noch ein <strong>monatlicher Gesamtaufwand<\/strong> von <strong>\u20ac 1.482,84<\/strong> f\u00fcr den Pflegebed\u00fcrftigen ergeben.<\/p>\n","protected":false},"excerpt":{"rendered":"<p>&nbsp; Zuerst sei gesagt, dass der jeweilige Antrag f\u00fcr Kurzzeitpflege und Verhinderungspflege vor Antritt bei der Pflegekasse gestellt werden sollte. Es ist aber auch eine kurzfristige Beantragung m\u00f6glich bzw. es kann die Beantragung auch r\u00fcckwirkend erfolgen. Beratend zur Seite stehen Ihnen hier die Sozial\u00e4mter, die Pflegeversicherung aber auch die Pflegedienste.Innerhalb eines Jahres kann eine Verhinderungspflege [&hellip;]<\/p>\n","protected":false},"author":1,"featured_media":622,"comment_status":"open","ping_status":"closed","sticky":false,"template":"","format":"standard","meta":[],"categories":[1,21,3],"tags":[72,71,66],"yoast_head":"<!-- This site is optimized with the Yoast SEO plugin v21.8.1 - https:\/\/yoast.com\/wordpress\/plugins\/seo\/ -->\n<title>Wenn die Kurzzeitpflege nicht in Anspruch genommen wird, kann dies der Verhinderungspflege zugute kommen - Polnische Haushaltshilfe Blog<\/title>\n<meta name=\"robots\" content=\"index, follow, max-snippet:-1, max-image-preview:large, max-video-preview:-1\" \/>\n<link rel=\"canonical\" href=\"https:\/\/www.polnische-haushaltshilfe.net\/Blog\/wenn-die-kurzzeitpflege-nicht-in-anspruch-genommen-wird-kann-dies-der-verhinderungspflege-zugute-kommen\/\" \/>\n<meta property=\"og:locale\" content=\"de_DE\" \/>\n<meta property=\"og:type\" content=\"article\" \/>\n<meta property=\"og:title\" content=\"Wenn die Kurzzeitpflege nicht in Anspruch genommen wird, kann dies der Verhinderungspflege zugute kommen - Polnische Haushaltshilfe Blog\" \/>\n<meta property=\"og:description\" content=\"&nbsp; Zuerst sei gesagt, dass der jeweilige Antrag f\u00fcr Kurzzeitpflege und Verhinderungspflege vor Antritt bei der Pflegekasse gestellt werden sollte. Es ist aber auch eine kurzfristige Beantragung m\u00f6glich bzw. es kann die Beantragung auch r\u00fcckwirkend erfolgen. Beratend zur Seite stehen Ihnen hier die Sozial\u00e4mter, die Pflegeversicherung aber auch die Pflegedienste.Innerhalb eines Jahres kann eine Verhinderungspflege [&hellip;]\" \/>\n<meta property=\"og:url\" content=\"https:\/\/www.polnische-haushaltshilfe.net\/Blog\/wenn-die-kurzzeitpflege-nicht-in-anspruch-genommen-wird-kann-dies-der-verhinderungspflege-zugute-kommen\/\" \/>\n<meta property=\"og:site_name\" content=\"Polnische Haushaltshilfe Blog\" \/>\n<meta property=\"article:published_time\" content=\"2016-03-30T11:25:10+00:00\" \/>\n<meta property=\"article:modified_time\" content=\"2016-03-30T11:30:49+00:00\" \/>\n<meta property=\"og:image\" content=\"https:\/\/www.polnische-haushaltshilfe.net\/Blog\/wp-content\/uploads\/2016\/03\/hands-1176674_1280.jpg\" \/>\n\t<meta property=\"og:image:width\" content=\"1280\" \/>\n\t<meta property=\"og:image:height\" content=\"670\" \/>\n\t<meta property=\"og:image:type\" content=\"image\/jpeg\" \/>\n<meta name=\"author\" content=\"BavariaCare\" \/>\n<meta name=\"twitter:card\" content=\"summary_large_image\" \/>\n<meta name=\"twitter:label1\" content=\"Verfasst von\" \/>\n\t<meta name=\"twitter:data1\" content=\"BavariaCare\" \/>\n\t<meta name=\"twitter:label2\" content=\"Gesch\u00e4tzte Lesezeit\" \/>\n\t<meta name=\"twitter:data2\" content=\"2\u00a0Minuten\" \/>\n<script type=\"application\/ld+json\" class=\"yoast-schema-graph\">{\"@context\":\"https:\/\/schema.org\",\"@graph\":[{\"@type\":\"WebPage\",\"@id\":\"https:\/\/www.polnische-haushaltshilfe.net\/Blog\/wenn-die-kurzzeitpflege-nicht-in-anspruch-genommen-wird-kann-dies-der-verhinderungspflege-zugute-kommen\/\",\"url\":\"https:\/\/www.polnische-haushaltshilfe.net\/Blog\/wenn-die-kurzzeitpflege-nicht-in-anspruch-genommen-wird-kann-dies-der-verhinderungspflege-zugute-kommen\/\",\"name\":\"Wenn die Kurzzeitpflege nicht in Anspruch genommen wird, kann dies der Verhinderungspflege zugute kommen - Polnische Haushaltshilfe Blog\",\"isPartOf\":{\"@id\":\"https:\/\/www.polnische-haushaltshilfe.net\/Blog\/#website\"},\"datePublished\":\"2016-03-30T11:25:10+00:00\",\"dateModified\":\"2016-03-30T11:30:49+00:00\",\"author\":{\"@id\":\"https:\/\/www.polnische-haushaltshilfe.net\/Blog\/#\/schema\/person\/81ea9f1d768f45116d4489d5ea076493\"},\"breadcrumb\":{\"@id\":\"https:\/\/www.polnische-haushaltshilfe.net\/Blog\/wenn-die-kurzzeitpflege-nicht-in-anspruch-genommen-wird-kann-dies-der-verhinderungspflege-zugute-kommen\/#breadcrumb\"},\"inLanguage\":\"de\",\"potentialAction\":[{\"@type\":\"ReadAction\",\"target\":[\"https:\/\/www.polnische-haushaltshilfe.net\/Blog\/wenn-die-kurzzeitpflege-nicht-in-anspruch-genommen-wird-kann-dies-der-verhinderungspflege-zugute-kommen\/\"]}]},{\"@type\":\"BreadcrumbList\",\"@id\":\"https:\/\/www.polnische-haushaltshilfe.net\/Blog\/wenn-die-kurzzeitpflege-nicht-in-anspruch-genommen-wird-kann-dies-der-verhinderungspflege-zugute-kommen\/#breadcrumb\",\"itemListElement\":[{\"@type\":\"ListItem\",\"position\":1,\"name\":\"Startseite\",\"item\":\"https:\/\/www.polnische-haushaltshilfe.net\/Blog\/\"},{\"@type\":\"ListItem\",\"position\":2,\"name\":\"Wenn die Kurzzeitpflege nicht in Anspruch genommen wird, kann dies der Verhinderungspflege zugute kommen\"}]},{\"@type\":\"WebSite\",\"@id\":\"https:\/\/www.polnische-haushaltshilfe.net\/Blog\/#website\",\"url\":\"https:\/\/www.polnische-haushaltshilfe.net\/Blog\/\",\"name\":\"Polnische Haushaltshilfe Blog\",\"description\":\"24h Seniorenbetreuung\",\"potentialAction\":[{\"@type\":\"SearchAction\",\"target\":{\"@type\":\"EntryPoint\",\"urlTemplate\":\"https:\/\/www.polnische-haushaltshilfe.net\/Blog\/?s={search_term_string}\"},\"query-input\":\"required name=search_term_string\"}],\"inLanguage\":\"de\"},{\"@type\":\"Person\",\"@id\":\"https:\/\/www.polnische-haushaltshilfe.net\/Blog\/#\/schema\/person\/81ea9f1d768f45116d4489d5ea076493\",\"name\":\"BavariaCare\",\"image\":{\"@type\":\"ImageObject\",\"inLanguage\":\"de\",\"@id\":\"https:\/\/www.polnische-haushaltshilfe.net\/Blog\/#\/schema\/person\/image\/\",\"url\":\"https:\/\/secure.gravatar.com\/avatar\/d34392a02a19e51eb810295e24feb0a8?s=96&d=wavatar&r=g\",\"contentUrl\":\"https:\/\/secure.gravatar.com\/avatar\/d34392a02a19e51eb810295e24feb0a8?s=96&d=wavatar&r=g\",\"caption\":\"BavariaCare\"}}]}<\/script>\n<!-- \/ Yoast SEO plugin. -->","yoast_head_json":{"title":"Wenn die Kurzzeitpflege nicht in Anspruch genommen wird, kann dies der Verhinderungspflege zugute kommen - Polnische Haushaltshilfe Blog","robots":{"index":"index","follow":"follow","max-snippet":"max-snippet:-1","max-image-preview":"max-image-preview:large","max-video-preview":"max-video-preview:-1"},"canonical":"https:\/\/www.polnische-haushaltshilfe.net\/Blog\/wenn-die-kurzzeitpflege-nicht-in-anspruch-genommen-wird-kann-dies-der-verhinderungspflege-zugute-kommen\/","og_locale":"de_DE","og_type":"article","og_title":"Wenn die Kurzzeitpflege nicht in Anspruch genommen wird, kann dies der Verhinderungspflege zugute kommen - Polnische Haushaltshilfe Blog","og_description":"&nbsp; Zuerst sei gesagt, dass der jeweilige Antrag f\u00fcr Kurzzeitpflege und Verhinderungspflege vor Antritt bei der Pflegekasse gestellt werden sollte. Es ist aber auch eine kurzfristige Beantragung m\u00f6glich bzw. es kann die Beantragung auch r\u00fcckwirkend erfolgen. Beratend zur Seite stehen Ihnen hier die Sozial\u00e4mter, die Pflegeversicherung aber auch die Pflegedienste.Innerhalb eines Jahres kann eine Verhinderungspflege [&hellip;]","og_url":"https:\/\/www.polnische-haushaltshilfe.net\/Blog\/wenn-die-kurzzeitpflege-nicht-in-anspruch-genommen-wird-kann-dies-der-verhinderungspflege-zugute-kommen\/","og_site_name":"Polnische Haushaltshilfe Blog","article_published_time":"2016-03-30T11:25:10+00:00","article_modified_time":"2016-03-30T11:30:49+00:00","og_image":[{"width":1280,"height":670,"url":"https:\/\/www.polnische-haushaltshilfe.net\/Blog\/wp-content\/uploads\/2016\/03\/hands-1176674_1280.jpg","type":"image\/jpeg"}],"author":"BavariaCare","twitter_card":"summary_large_image","twitter_misc":{"Verfasst von":"BavariaCare","Gesch\u00e4tzte Lesezeit":"2\u00a0Minuten"},"schema":{"@context":"https:\/\/schema.org","@graph":[{"@type":"WebPage","@id":"https:\/\/www.polnische-haushaltshilfe.net\/Blog\/wenn-die-kurzzeitpflege-nicht-in-anspruch-genommen-wird-kann-dies-der-verhinderungspflege-zugute-kommen\/","url":"https:\/\/www.polnische-haushaltshilfe.net\/Blog\/wenn-die-kurzzeitpflege-nicht-in-anspruch-genommen-wird-kann-dies-der-verhinderungspflege-zugute-kommen\/","name":"Wenn die Kurzzeitpflege nicht in Anspruch genommen wird, kann dies der Verhinderungspflege zugute kommen - Polnische Haushaltshilfe Blog","isPartOf":{"@id":"https:\/\/www.polnische-haushaltshilfe.net\/Blog\/#website"},"datePublished":"2016-03-30T11:25:10+00:00","dateModified":"2016-03-30T11:30:49+00:00","author":{"@id":"https:\/\/www.polnische-haushaltshilfe.net\/Blog\/#\/schema\/person\/81ea9f1d768f45116d4489d5ea076493"},"breadcrumb":{"@id":"https:\/\/www.polnische-haushaltshilfe.net\/Blog\/wenn-die-kurzzeitpflege-nicht-in-anspruch-genommen-wird-kann-dies-der-verhinderungspflege-zugute-kommen\/#breadcrumb"},"inLanguage":"de","potentialAction":[{"@type":"ReadAction","target":["https:\/\/www.polnische-haushaltshilfe.net\/Blog\/wenn-die-kurzzeitpflege-nicht-in-anspruch-genommen-wird-kann-dies-der-verhinderungspflege-zugute-kommen\/"]}]},{"@type":"BreadcrumbList","@id":"https:\/\/www.polnische-haushaltshilfe.net\/Blog\/wenn-die-kurzzeitpflege-nicht-in-anspruch-genommen-wird-kann-dies-der-verhinderungspflege-zugute-kommen\/#breadcrumb","itemListElement":[{"@type":"ListItem","position":1,"name":"Startseite","item":"https:\/\/www.polnische-haushaltshilfe.net\/Blog\/"},{"@type":"ListItem","position":2,"name":"Wenn die Kurzzeitpflege nicht in Anspruch genommen wird, kann dies der Verhinderungspflege zugute kommen"}]},{"@type":"WebSite","@id":"https:\/\/www.polnische-haushaltshilfe.net\/Blog\/#website","url":"https:\/\/www.polnische-haushaltshilfe.net\/Blog\/","name":"Polnische Haushaltshilfe Blog","description":"24h Seniorenbetreuung","potentialAction":[{"@type":"SearchAction","target":{"@type":"EntryPoint","urlTemplate":"https:\/\/www.polnische-haushaltshilfe.net\/Blog\/?s={search_term_string}"},"query-input":"required name=search_term_string"}],"inLanguage":"de"},{"@type":"Person","@id":"https:\/\/www.polnische-haushaltshilfe.net\/Blog\/#\/schema\/person\/81ea9f1d768f45116d4489d5ea076493","name":"BavariaCare","image":{"@type":"ImageObject","inLanguage":"de","@id":"https:\/\/www.polnische-haushaltshilfe.net\/Blog\/#\/schema\/person\/image\/","url":"https:\/\/secure.gravatar.com\/avatar\/d34392a02a19e51eb810295e24feb0a8?s=96&d=wavatar&r=g","contentUrl":"https:\/\/secure.gravatar.com\/avatar\/d34392a02a19e51eb810295e24feb0a8?s=96&d=wavatar&r=g","caption":"BavariaCare"}}]}},"_links":{"self":[{"href":"https:\/\/www.polnische-haushaltshilfe.net\/Blog\/wp-json\/wp\/v2\/posts\/621"}],"collection":[{"href":"https:\/\/www.polnische-haushaltshilfe.net\/Blog\/wp-json\/wp\/v2\/posts"}],"about":[{"href":"https:\/\/www.polnische-haushaltshilfe.net\/Blog\/wp-json\/wp\/v2\/types\/post"}],"author":[{"embeddable":true,"href":"https:\/\/www.polnische-haushaltshilfe.net\/Blog\/wp-json\/wp\/v2\/users\/1"}],"replies":[{"embeddable":true,"href":"https:\/\/www.polnische-haushaltshilfe.net\/Blog\/wp-json\/wp\/v2\/comments?post=621"}],"version-history":[{"count":5,"href":"https:\/\/www.polnische-haushaltshilfe.net\/Blog\/wp-json\/wp\/v2\/posts\/621\/revisions"}],"predecessor-version":[{"id":627,"href":"https:\/\/www.polnische-haushaltshilfe.net\/Blog\/wp-json\/wp\/v2\/posts\/621\/revisions\/627"}],"wp:featuredmedia":[{"embeddable":true,"href":"https:\/\/www.polnische-haushaltshilfe.net\/Blog\/wp-json\/wp\/v2\/media\/622"}],"wp:attachment":[{"href":"https:\/\/www.polnische-haushaltshilfe.net\/Blog\/wp-json\/wp\/v2\/media?parent=621"}],"wp:term":[{"taxonomy":"category","embeddable":true,"href":"https:\/\/www.polnische-haushaltshilfe.net\/Blog\/wp-json\/wp\/v2\/categories?post=621"},{"taxonomy":"post_tag","embeddable":true,"href":"https:\/\/www.polnische-haushaltshilfe.net\/Blog\/wp-json\/wp\/v2\/tags?post=621"}],"curies":[{"name":"wp","href":"https:\/\/api.w.org\/{rel}","templated":true}]}}